{"id":25641,"date":"2025-05-23T16:04:01","date_gmt":"2025-05-23T22:04:01","guid":{"rendered":"https:\/\/satforce.com.ec\/?p=25641"},"modified":"2025-10-27T10:02:58","modified_gmt":"2025-10-27T16:02:58","slug":"comment-les-recits-historiques-faconnent-nos-perceptions-et-nos-choix-quotidiens","status":"publish","type":"post","link":"https:\/\/satforce.com.ec\/index.php\/2025\/05\/23\/comment-les-recits-historiques-faconnent-nos-perceptions-et-nos-choix-quotidiens\/","title":{"rendered":"Comment les r\u00e9cits historiques fa\u00e7onnent nos perceptions et nos choix quotidiens"},"content":{"rendered":"<div style=\"max-width: 1100px; margin: 20px auto; font-family: Arial, sans-serif; line-height: 1.6; color: #34495e;\">\n<p style=\"font-size: 1.2em;\">Nos d\u00e9cisions quotidiennes, qu&#8217;elles soient personnelles, sociales ou politiques, sont profond\u00e9ment influenc\u00e9es par la mani\u00e8re dont nous percevons notre pass\u00e9. La construction de notre vision du monde repose en grande partie sur des r\u00e9cits historiques, qui fa\u00e7onnent notre identit\u00e9 collective, orientent nos valeurs et orientent nos comportements. Comprendre ces m\u00e9canismes est essentiel pour d\u00e9velopper une approche plus critique et \u00e9quilibr\u00e9e face aux histoires que nous racontons. Pour explorer ces enjeux en profondeur, vous pouvez consulter l\u2019article <a href=\"https:\/\/vesna.festival-russe.fr\/hoe-geschiedenis-en-spelstrategieen-onze-keuzes-beinvloeden\/\" style=\"color: #2980b9; text-decoration: underline;\">Hoe geschiedenis en spelstrategie\u00ebn onze keuzes be\u00efnvloeden<\/a>.<\/p>\n<div style=\"margin-top: 40px; padding: 10px; background-color: #ecf0f1; border-radius: 8px;\">\n<h2 style=\"font-family: Arial, sans-serif; color: #2c3e50; margin-bottom: 15px;\">Table des mati\u00e8res<\/h2>\n<ul style=\"list-style-type: disc; padding-left: 20px; font-family: Arial, sans-serif; font-size: 1em; color: #34495e;\">\n<li style=\"margin-bottom: 8px;\"><a href=\"#identite\" style=\"color: #2980b9; text-decoration: none;\">L\u2019impact des r\u00e9cits historiques sur la construction de notre identit\u00e9<\/a><\/li>\n<li style=\"margin-bottom: 8px;\"><a href=\"#memoire\" style=\"color: #2980b9; text-decoration: none;\">La m\u00e9moire collective : un filtre sur nos perceptions quotidiennes<\/a><\/li>\n<li style=\"margin-bottom: 8px;\"><a href=\"#valeurs\" style=\"color: #2980b9; text-decoration: none;\">La narration historique et la formation des valeurs sociales<\/a><\/li>\n<li style=\"margin-bottom: 8px;\"><a href=\"#manipulation\" style=\"color: #2980b9; text-decoration: none;\">Les r\u00e9cits historiques comme outils de manipulation et de pouvoir<\/a><\/li>\n<li style=\"margin-bottom: 8px;\"><a href=\"#perception\" style=\"color: #2980b9; text-decoration: none;\">La perception du pr\u00e9sent \u00e0 travers le prisme du pass\u00e9 historique<\/a><\/li>\n<li style=\"margin-bottom: 8px;\"><a href=\"#choix\" style=\"color: #2980b9; text-decoration: none;\">L\u2019influence des r\u00e9cits historiques sur nos choix individuels et collectifs quotidiens<\/a><\/li>\n<li style=\"margin-bottom: 8px;\"><a href=\"#critique\" style=\"color: #2980b9; text-decoration: none;\">La n\u00e9cessit\u00e9 d\u2019une lecture critique des r\u00e9cits historiques pour une perception \u00e9quilibr\u00e9e<\/a><\/li>\n<li style=\"margin-bottom: 8px;\"><a href=\"#conclusion\" style=\"color: #2980b9; text-decoration: none;\">Conclusion : enjeux et perspectives<\/a><\/li>\n<\/ul>\n<\/div>\n<h2 id=\"identite\" style=\"font-family: Arial, sans-serif; color: #2c3e50; margin-top: 40px;\">L\u2019impact des r\u00e9cits historiques sur la mani\u00e8re dont nous construisons notre identit\u00e9<\/h2>\n<h3 style=\"font-family: Arial, sans-serif; color: #34495e; margin-top: 20px;\">Comment les histoires nationales fa\u00e7onnent notre sentiment d\u2019appartenance<\/h3>\n<p style=\"font-size: 1em;\">Les r\u00e9cits nationaux jouent un r\u00f4le central dans la construction du sentiment d\u2019appartenance. En France, par exemple, la R\u00e9volution fran\u00e7aise est souvent pr\u00e9sent\u00e9e comme un moment fondateur de la R\u00e9publique et de l\u2019id\u00e9al \u00e9galitaire, renfor\u00e7ant ainsi le sentiment d\u2019unit\u00e9 et de fiert\u00e9 nationale. Ces histoires, transmises \u00e0 travers l\u2019\u00e9ducation, la culture populaire ou les comm\u00e9morations, cr\u00e9ent une identit\u00e9 collective partag\u00e9e par des g\u00e9n\u00e9rations. Cependant, cette construction n\u2019est pas exempte de controverses, puisque certains r\u00e9cits peuvent exclure ou marginaliser des groupes ou des \u00e9v\u00e9nements peu conformes \u00e0 l\u2019image officielle.<\/p>\n<h3 style=\"font-family: Arial, sans-serif; color: #34495e; margin-top: 20px;\">Le r\u00f4le des mythes et l\u00e9gendes dans la perception de notre pass\u00e9 collectif<\/h3>\n<p style=\"font-size: 1em;\">Les mythes nationaux, tels que la l\u00e9gende de Jeanne d\u2019Arc en France ou la mythologie de la R\u00e9sistance durant la Seconde Guerre mondiale, jouent un r\u00f4le puissant dans la fa\u00e7on dont une soci\u00e9t\u00e9 percevra son pass\u00e9. Ces r\u00e9cits, souvent embellis ou mythifi\u00e9s, servent \u00e0 renforcer la coh\u00e9sion sociale et \u00e0 transmettre des valeurs fondamentales. Toutefois, ils peuvent aussi simplifier ou embellir la complexit\u00e9 historique, cr\u00e9ant ainsi une perception parfois d\u00e9form\u00e9e ou id\u00e9alis\u00e9e de la r\u00e9alit\u00e9.<\/p>\n<h3 style=\"font-family: Arial, sans-serif; color: #34495e; margin-top: 20px;\">Influence des r\u00e9cits historiques sur la perception de soi et des autres<\/h3>\n<p style=\"font-size: 1em;\">Les histoires que nous racontons sur notre pass\u00e9 fa\u00e7onnent aussi notre mani\u00e8re de percevoir les autres. La repr\u00e9sentation de certains peuples ou \u00e9v\u00e9nements peut nourrir des st\u00e9r\u00e9otypes ou des pr\u00e9jug\u00e9s, tout comme la valorisation de figures h\u00e9ro\u00efques peut inspirer ou, \u00e0 l\u2019inverse, susciter de la m\u00e9fiance. Par exemple, dans le contexte fran\u00e7ais, la mani\u00e8re dont l\u2019histoire coloniale est racont\u00e9e influence encore aujourd\u2019hui la perception des relations entre diff\u00e9rentes communaut\u00e9s et la compr\u00e9hension des enjeux identitaires.<\/p>\n<h2 id=\"memoire\" style=\"font-family: Arial, sans-serif; color: #2c3e50; margin-top: 40px;\">La m\u00e9moire collective : un filtre sur nos perceptions quotidiennes<\/h2>\n<h3 style=\"font-family: Arial, sans-serif; color: #34495e; margin-top: 20px;\">Comment la m\u00e9moire collective modifie notre compr\u00e9hension des \u00e9v\u00e9nements pass\u00e9s<\/h3>\n<p style=\"font-size: 1em;\">La m\u00e9moire collective constitue l\u2019ensemble des souvenirs partag\u00e9s par une soci\u00e9t\u00e9. Elle influence la mani\u00e8re dont nous percevons l\u2019histoire, en s\u00e9lectionnant certains \u00e9v\u00e9nements tout en en oubliant d\u2019autres. Par exemple, en France, la comm\u00e9moration de la R\u00e9sistance pendant la Second Guerre mondiale occulte parfois d\u2019autres aspects moins glorieux ou controvers\u00e9s de cette p\u00e9riode, orientant ainsi la perception publique vers une vision h\u00e9ro\u00efque plut\u00f4t que nuanc\u00e9e.<\/p>\n<h3 style=\"font-family: Arial, sans-serif; color: #34495e; margin-top: 20px;\">Les biais de m\u00e9moire et leur impact sur nos d\u00e9cisions actuelles<\/h3>\n<p style=\"font-size: 1em;\">Les biais de m\u00e9moire, tels que le biais de confirmation ou l\u2019auto-justification, d\u00e9forment souvent notre perception du pass\u00e9. Ces biais peuvent conduire \u00e0 une vision r\u00e9trospective erron\u00e9e, influen\u00e7ant nos opinions et nos choix. Par exemple, la tendance \u00e0 minimiser les fautes pass\u00e9es ou \u00e0 exag\u00e9rer les exploits peut affecter nos d\u00e9cisions pr\u00e9sentes, notamment dans le domaine politique ou \u00e9ducatif.<\/p>\n<h3 style=\"font-family: Arial, sans-serif; color: #34495e; margin-top: 20px;\">La transmission des r\u00e9cits historiques \u00e0 travers l\u2019\u00e9ducation et les m\u00e9dias<\/h3>\n<p style=\"font-size: 1em;\">L\u2019\u00e9ducation joue un r\u00f4le clef dans la transmission de la m\u00e9moire collective. Les manuels scolaires, les discours officiels et les m\u00e9dias fa\u00e7onnent l\u2019interpr\u00e9tation du pass\u00e9. La mani\u00e8re dont l\u2019histoire est enseign\u00e9e peut renforcer ou remettre en question certains r\u00e9cits, influen\u00e7ant ainsi la perception des jeunes g\u00e9n\u00e9rations. La pluralit\u00e9 des sources et des perspectives est essentielle pour \u00e9viter une vision unilat\u00e9rale des \u00e9v\u00e9nements.<\/p>\n<h2 id=\"valeurs\" style=\"font-family: Arial, sans-serif; color: #2c3e50; margin-top: 40px;\">La narration historique et la formation des valeurs sociales<\/h2>\n<h3 style=\"font-family: Arial, sans-serif; color: #34495e; margin-top: 20px;\">Comment les r\u00e9cits historiques influencent les normes et valeurs culturelles<\/h3>\n<p style=\"font-size: 1em;\">Les r\u00e9cits du pass\u00e9 fa\u00e7onnent \u00e9galement nos normes et nos valeurs. En France, la valorisation de la libert\u00e9, de l\u2019\u00e9galit\u00e9 et de la fraternit\u00e9, issues de la R\u00e9volution, sont int\u00e9gr\u00e9es dans la r\u00e9cit national et servent de r\u00e9f\u00e9rence pour l\u2019\u00e9ducation civique. Ces histoires servent \u00e0 l\u00e9gitimer des comportements et \u00e0 orienter la soci\u00e9t\u00e9 vers des id\u00e9aux partag\u00e9s, m\u00eame si leur interpr\u00e9tation peut \u00e9voluer avec le temps.<\/p>\n<h3 style=\"font-family: Arial, sans-serif; color: #34495e; margin-top: 20px;\">La construction des h\u00e9ros et des figures embl\u00e9matiques dans l\u2019histoire<\/h3>\n<p style=\"font-size: 1em;\">Les figures historiques, telles que Napol\u00e9on ou De Gaulle, incarnent des mod\u00e8les de courage, de leadership ou d\u2019engagement. Leur repr\u00e9sentation dans la narration nationale influence la conception que la soci\u00e9t\u00e9 se fait de l\u2019id\u00e9al du h\u00e9ros ou du mod\u00e8le \u00e0 suivre. La valorisation ou la marginalisation de certaines figures ou \u00e9v\u00e9nements contribue \u00e0 fa\u00e7onner la culture et l\u2019identit\u00e9 collective.<\/p>\n<h3 style=\"font-family: Arial, sans-serif; color: #34495e; margin-top: 20px;\">La valorisation ou la marginalisation de certains \u00e9v\u00e9nements dans le r\u00e9cit national<\/h3>\n<p style=\"font-size: 1em;\">Certains \u00e9v\u00e9nements sont mis en avant pour renforcer une certaine vision de l\u2019histoire, tandis que d\u2019autres sont rel\u00e9gu\u00e9s \u00e0 l\u2019oubli ou pr\u00e9sent\u00e9s sous un jour n\u00e9gatif. Par exemple, la m\u00e9moire de la colonisation ou des guerres peut \u00eatre embellie ou critiqu\u00e9e selon les enjeux politiques ou sociaux du moment. Cette s\u00e9lection influence la mani\u00e8re dont la soci\u00e9t\u00e9 per\u00e7oit son pass\u00e9 et ses responsabilit\u00e9s.<\/p>\n<h2 id=\"manipulation\" style=\"font-family: Arial, sans-serif; color: #2c3e50; margin-top: 40px;\">Les r\u00e9cits historiques comme outils de manipulation et de pouvoir<\/h2>\n<h3 style=\"font-family: Arial, sans-serif; color: #34495e; margin-top: 20px;\">La r\u00e9\u00e9criture de l\u2019histoire pour servir des int\u00e9r\u00eats politiques<\/h3>\n<p style=\"font-size: 1em;\">La manipulation des r\u00e9cits historiques n\u2019est pas nouvelle. Des r\u00e9gimes politiques ou des groupes d\u2019int\u00e9r\u00eats ont fr\u00e9quemment r\u00e9\u00e9crit ou r\u00e9interpr\u00e9t\u00e9 l\u2019histoire pour l\u00e9gitimer leur pouvoir ou ses ambitions. En France, par exemple, la \u00ab monarchie de droit divin \u00bb a \u00e9t\u00e9 renforc\u00e9e par une narration historique centr\u00e9e sur la l\u00e9gitimit\u00e9 divine du roi. Aujourd\u2019hui encore, certains discours officiels peuvent minimiser ou d\u00e9former certains \u00e9pisodes pour servir une id\u00e9ologie.<\/p>\n<h3 style=\"font-family: Arial, sans-serif; color: #34495e; margin-top: 20px;\">Les enjeux de la m\u00e9moire officielle versus les m\u00e9moires alternatives<\/h3>\n<p style=\"font-size: 1em;\">Le conflit entre la m\u00e9moire officielle, souvent officialis\u00e9e par l\u2019\u00c9tat, et les m\u00e9moires alternatives ou critiques, soul\u00e8ve des enjeux majeurs. La reconnaissance ou le silence sur certains \u00e9v\u00e9nements, comme la colonisation ou les violences historiques, influence la perception collective et peut alimenter des tensions sociales ou politiques. La pluralit\u00e9 des r\u00e9cits est essentielle pour une compr\u00e9hension plus compl\u00e8te et \u00e9quilibr\u00e9e du pass\u00e9.<\/p>\n<h3 style=\"font-family: Arial, sans-serif; color: #34495e; margin-top: 20px;\">La manipulation des r\u00e9cits pour fa\u00e7onner l\u2019opinion publique<\/h3>\n<p style=\"font-size: 1em;\">Les m\u00e9dias, les discours politiques et m\u00eame les institutions \u00e9ducatives peuvent utiliser la narration historique comme levier pour orienter l\u2019opinion publique. En France, certains discours sur l\u2019identit\u00e9 nationale ou la m\u00e9moire collective sont soigneusement calibr\u00e9s pour encourager un sentiment d\u2019unit\u00e9 ou, \u00e0 l\u2019occasion, de m\u00e9fiance. La vigilance critique envers ces manipulations est indispensable pour pr\u00e9server une perception \u00e9quilibr\u00e9e de l\u2019histoire.<\/p>\n<h2 id=\"perception\" style=\"font-family: Arial, sans-serif; color: #2c3e50; margin-top: 40px;\">La perception du pr\u00e9sent \u00e0 travers le prisme du pass\u00e9 historique<\/h2>\n<h3 style=\"font-family: Arial, sans-serif; color: #34495e; margin-top: 20px;\">Comment les \u00e9v\u00e9nements historiques influencent notre vision du monde actuel<\/h3>\n<p style=\"font-size: 1em;\">Les grands \u00e9v\u00e9nements historiques, comme la R\u00e9volution fran\u00e7aise ou la d\u00e9colonisation, continuent d\u2019influencer notre fa\u00e7on de voir le monde. Ils servent de r\u00e9f\u00e9rence pour comprendre les enjeux contemporains, tels que la d\u00e9mocratie, la justice ou la solidarit\u00e9. Par exemple, la m\u00e9moire de la R\u00e9sistance en France fa\u00e7onne l\u2019image d\u2019un combat pour la libert\u00e9 face \u00e0 l\u2019oppression, influen\u00e7ant la perception des luttes modernes.<\/p>\n<h3 style=\"font-family: Arial, sans-serif; color: #34495e; margin-top: 20px;\">La tendance \u00e0 projeter des r\u00e9cits pass\u00e9s sur les enjeux contemporains<\/h3>\n<p style=\"font-size: 1em;\">Il est fr\u00e9quent que les soci\u00e9t\u00e9s projettent leurs r\u00e9cits historiques sur leurs d\u00e9fis actuels. Cela peut renforcer la coh\u00e9sion ou, au contraire, alimenter des conflits si les r\u00e9cits sont per\u00e7us comme d\u00e9form\u00e9s ou injustifi\u00e9s. La France, par exemple, voit souvent ses d\u00e9bats sur la la\u00efcit\u00e9 ou l\u2019immigration aliment\u00e9s par des interpr\u00e9tations historiques de ses valeurs ou de ses erreurs pass\u00e9es.<\/p>\n<h3 style=\"font-family: Arial, sans-serif; color: #34495e; margin-top: 20px;\">La difficult\u00e9 \u00e0 distinguer r\u00e9cit historique et r\u00e9alit\u00e9 dans la perception publique<\/h3>\n<p style=\"font-size: 1em;\">Une des probl\u00e9matiques majeures est la confusion entre r\u00e9cit et r\u00e9alit\u00e9. La simplification ou la dramatisation des \u00e9v\u00e9nements historiques peut obscurcir la perception de la complexit\u00e9 r\u00e9elle, cr\u00e9ant des visions id\u00e9alis\u00e9es ou d\u00e9form\u00e9es. La mont\u00e9e des fake news et des manipulation sur les r\u00e9seaux sociaux accentue ce ph\u00e9nom\u00e8ne, rendant essentielle une approche critique et nuanc\u00e9e.<\/p>\n<h2 id=\"choix\" style=\"font-family: Arial, sans-serif; color: #2c3e50; margin-top: 40px;\">L\u2019influence des r\u00e9cits historiques sur nos choix individuels et collectifs quotidiens<\/h2>\n<h3 style=\"font-family: Arial, sans-serif; color: #34495e; margin-top: 20px;\">Le r\u00f4le des histoires dans la prise de d\u00e9cision personnelle<\/h3>\n<p style=\"font-size: 1em;\">Nos choix personnels, qu\u2019il s\u2019agisse de valeurs, d\u2019objectifs ou de comportements, sont souvent guid\u00e9s par la mani\u00e8re dont nous percevons notre histoire personnelle ou collective. Par exemple, une personne issue d\u2019une famille ayant connu la R\u00e9sistance pourra \u00eatre motiv\u00e9e par ces valeurs dans ses d\u00e9cisions quotidiennes, tandis qu\u2019un individu ayant \u00e9t\u00e9 t\u00e9moin ou victime d\u2019\u00e9v\u00e9nements historiques traumatiques pourrait \u00eatre influenc\u00e9 par ces souvenirs dans ses choix futurs.<\/p>\n<h3 style=\"font-family: Arial, sans-serif; color: #34495e; margin-top: 20px;\">La fa\u00e7on dont les r\u00e9cits influencent nos choix politiques et sociaux<\/h3>\n<p style=\"font-size: 1em;\">Les r\u00e9cits historiques fa\u00e7onnent aussi nos opinions politiques et sociales. La vision que nous avons de la colonisation, de la la\u00efcit\u00e9 ou de la d\u00e9mocratie repose sur des histoires transmises et interpr\u00e9t\u00e9es. Ces r\u00e9cits peuvent encourager l\u2019engagement citoyen ou, \u00e0 l\u2019inverse, alimenter le scepticisme ou la m\u00e9fiance envers les institutions.<\/p>\n<h3 style=\"font-family: Arial, sans-serif; color: #34495e; margin-top: 20px;\">La construction de l\u2019avenir \u00e0 partir des r\u00e9cits du pass\u00e9<\/h3>\n<p style=\"font-size: 1em;\">Les soci\u00e9t\u00e9s projettent \u00e9galement leur avenir en fonction de leur r\u00e9cit historique. La France, par exemple, aspire \u00e0 un avenir bas\u00e9 sur les valeurs de libert\u00e9 et d\u2019\u00e9galit\u00e9 h\u00e9rit\u00e9es de son pass\u00e9. La mani\u00e8re dont ces r\u00e9cits sont interpr\u00e9t\u00e9s et valoris\u00e9s influence directement les strat\u00e9gies de d\u00e9veloppement, d\u2019\u00e9ducation et de politique \u00e9trang\u00e8re.<\/p>\n<h2 id=\"critique\" style=\"font-family: Arial, sans-serif; color: #2c3e50; margin-top: 40px;\">La n\u00e9cessit\u00e9 d\u2019une lecture critique des r\u00e9cits historiques pour une perception \u00e9quilibr\u00e9e<\/h2>\n<h3 style=\"font-family: Arial, sans-serif; color: #34495e; margin-top: 20px;\">D\u00e9velopper l\u2019esprit critique face aux r\u00e9cits transmis<\/h3>\n<p style=\"font-size: 1em;\">Il est indispensable d\u2019adopter une approche critique envers les histoires transmises. Cela implique d\u2019analyser leurs sources, leurs contextes et leurs \u00e9ventuelles biais. En France, la r\u00e9\u00e9criture de certains \u00e9pisodes de l\u2019histoire coloniale ou la m\u00e9moire de la guerre d\u2019Alg\u00e9rie illustrent l\u2019importance d\u2019interroger les r\u00e9cits officiels pour \u00e9viter une vision unilat\u00e9rale ou id\u00e9ologique.<\/p>\n<h3 style=\"font-family: Arial, sans-serif; color: #34495e; margin-top: 20px;\">Encourager la diversit\u00e9 des perspectives dans l\u2019interpr\u00e9tation historique<\/h3>\n<p style=\"font-size: 1em;\">Promouvoir une pluralit\u00e9 de voix et de r\u00e9cits est essentiel pour enrichir notre compr\u00e9hension. La prise en compte des perspectives marginalis\u00e9es ou contestataires permet de d\u00e9passer les simplifications et de construire une vision plus globale et \u00e9quilibr\u00e9e. En France, cela se traduit par une attention accrue \u00e0 l\u2019histoire des minorit\u00e9s et des mouvements sociaux.<\/p>\n<h3 style=\"font-family: Arial, sans-serif; color: #34495e; margin-top: 20px;\">Prom<\/h3>\n<\/div>\n","protected":false},"excerpt":{"rendered":"<p>Nos d\u00e9cisions quotidiennes, qu&#8217;elles soient personnelles, sociales ou politiques, sont profond\u00e9ment influenc\u00e9es par la mani\u00e8re dont nous percevons notre pass\u00e9. La construction de notre vision du monde repose en grande partie sur des r\u00e9cits historiques, qui fa\u00e7onnent notre identit\u00e9 collective, orientent nos valeurs et orientent nos comportements. Comprendre ces m\u00e9canismes est essentiel pour d\u00e9velopper une [&hellip;]<\/p>\n","protected":false},"author":3,"featured_media":0,"comment_status":"open","ping_status":"open","sticky":false,"template":"","format":"standard","meta":{"footnotes":""},"categories":[1],"tags":[],"class_list":["post-25641","post","type-post","status-publish","format-standard","hentry","category-sin-categoria","entry"],"yoast_head":"<!-- This site is optimized with the Yoast SEO Premium plugin v14.7 - https:\/\/yoast.com\/wordpress\/plugins\/seo\/ -->\n<title>Comment les r\u00e9cits historiques fa\u00e7onnent nos perceptions et nos choix quotidiens - SatForce<\/title>\n<meta name=\"robots\" content=\"index, follow\" \/>\n<meta name=\"googlebot\" content=\"index, follow, max-snippet:-1, max-image-preview:large, max-video-preview:-1\" \/>\n<meta name=\"bingbot\" content=\"index, follow, max-snippet:-1, max-image-preview:large, max-video-preview:-1\" \/>\n<link rel=\"canonical\" href=\"https:\/\/satforce.com.ec\/index.php\/2025\/05\/23\/comment-les-recits-historiques-faconnent-nos-perceptions-et-nos-choix-quotidiens\/\" \/>\n<meta property=\"og:locale\" content=\"es_ES\" \/>\n<meta property=\"og:type\" content=\"article\" \/>\n<meta property=\"og:title\" content=\"Comment les r\u00e9cits historiques fa\u00e7onnent nos perceptions et nos choix quotidiens - SatForce\" \/>\n<meta property=\"og:description\" content=\"Nos d\u00e9cisions quotidiennes, qu&#8217;elles soient personnelles, sociales ou politiques, sont profond\u00e9ment influenc\u00e9es par la mani\u00e8re dont nous percevons notre pass\u00e9. La construction de notre vision du monde repose en grande partie sur des r\u00e9cits historiques, qui fa\u00e7onnent notre identit\u00e9 collective, orientent nos valeurs et orientent nos comportements. Comprendre ces m\u00e9canismes est essentiel pour d\u00e9velopper une [&hellip;]\" \/>\n<meta property=\"og:url\" content=\"https:\/\/satforce.com.ec\/index.php\/2025\/05\/23\/comment-les-recits-historiques-faconnent-nos-perceptions-et-nos-choix-quotidiens\/\" \/>\n<meta property=\"og:site_name\" content=\"SatForce\" \/>\n<meta property=\"article:publisher\" content=\"https:\/\/www.facebook.com\/Satforce.ec\" \/>\n<meta property=\"article:published_time\" content=\"2025-05-23T22:04:01+00:00\" \/>\n<meta property=\"article:modified_time\" content=\"2025-10-27T16:02:58+00:00\" \/>\n<meta name=\"twitter:card\" content=\"summary_large_image\" \/>\n<script type=\"application\/ld+json\" class=\"yoast-schema-graph\">{\"@context\":\"https:\/\/schema.org\",\"@graph\":[{\"@type\":\"WebSite\",\"@id\":\"https:\/\/satforce.com.ec\/#website\",\"url\":\"https:\/\/satforce.com.ec\/\",\"name\":\"Satforce\",\"description\":\"\",\"potentialAction\":[{\"@type\":\"SearchAction\",\"target\":\"https:\/\/satforce.com.ec\/?s={search_term_string}\",\"query-input\":\"required name=search_term_string\"}],\"inLanguage\":\"es\"},{\"@type\":\"WebPage\",\"@id\":\"https:\/\/satforce.com.ec\/index.php\/2025\/05\/23\/comment-les-recits-historiques-faconnent-nos-perceptions-et-nos-choix-quotidiens\/#webpage\",\"url\":\"https:\/\/satforce.com.ec\/index.php\/2025\/05\/23\/comment-les-recits-historiques-faconnent-nos-perceptions-et-nos-choix-quotidiens\/\",\"name\":\"Comment les r\\u00e9cits historiques fa\\u00e7onnent nos perceptions et nos choix quotidiens - SatForce\",\"isPartOf\":{\"@id\":\"https:\/\/satforce.com.ec\/#website\"},\"datePublished\":\"2025-05-23T22:04:01+00:00\",\"dateModified\":\"2025-10-27T16:02:58+00:00\",\"author\":{\"@id\":\"https:\/\/satforce.com.ec\/#\/schema\/person\/82a559acc4be3385135a20741b8f52a6\"},\"inLanguage\":\"es\",\"potentialAction\":[{\"@type\":\"ReadAction\",\"target\":[\"https:\/\/satforce.com.ec\/index.php\/2025\/05\/23\/comment-les-recits-historiques-faconnent-nos-perceptions-et-nos-choix-quotidiens\/\"]}]},{\"@type\":[\"Person\"],\"@id\":\"https:\/\/satforce.com.ec\/#\/schema\/person\/82a559acc4be3385135a20741b8f52a6\",\"name\":\"Bryan\",\"image\":{\"@type\":\"ImageObject\",\"@id\":\"https:\/\/satforce.com.ec\/#personlogo\",\"inLanguage\":\"es\",\"url\":\"https:\/\/secure.gravatar.com\/avatar\/912b6ce64f8277cc5d5b25f47abd54f1?s=96&d=mm&r=g\",\"caption\":\"Bryan\"}}]}<\/script>\n<!-- \/ Yoast SEO Premium plugin. -->","_links":{"self":[{"href":"https:\/\/satforce.com.ec\/index.php\/wp-json\/wp\/v2\/posts\/25641"}],"collection":[{"href":"https:\/\/satforce.com.ec\/index.php\/wp-json\/wp\/v2\/posts"}],"about":[{"href":"https:\/\/satforce.com.ec\/index.php\/wp-json\/wp\/v2\/types\/post"}],"author":[{"embeddable":true,"href":"https:\/\/satforce.com.ec\/index.php\/wp-json\/wp\/v2\/users\/3"}],"replies":[{"embeddable":true,"href":"https:\/\/satforce.com.ec\/index.php\/wp-json\/wp\/v2\/comments?post=25641"}],"version-history":[{"count":1,"href":"https:\/\/satforce.com.ec\/index.php\/wp-json\/wp\/v2\/posts\/25641\/revisions"}],"predecessor-version":[{"id":25642,"href":"https:\/\/satforce.com.ec\/index.php\/wp-json\/wp\/v2\/posts\/25641\/revisions\/25642"}],"wp:attachment":[{"href":"https:\/\/satforce.com.ec\/index.php\/wp-json\/wp\/v2\/media?parent=25641"}],"wp:term":[{"taxonomy":"category","embeddable":true,"href":"https:\/\/satforce.com.ec\/index.php\/wp-json\/wp\/v2\/categories?post=25641"},{"taxonomy":"post_tag","embeddable":true,"href":"https:\/\/satforce.com.ec\/index.php\/wp-json\/wp\/v2\/tags?post=25641"}],"curies":[{"name":"wp","href":"https:\/\/api.w.org\/{rel}","templated":true}]}}